{"id":8755,"date":"2026-03-11T17:01:42","date_gmt":"2026-03-11T15:01:42","guid":{"rendered":"https:\/\/iiccracovia.esteri.it\/?p=8755"},"modified":"2026-03-11T17:02:58","modified_gmt":"2026-03-11T15:02:58","slug":"stypendia-rzadu-wloskiego-dla-zagranicznych-studentow","status":"publish","type":"post","link":"https:\/\/iiccracovia.esteri.it\/pl\/news\/dall_istituto\/2026\/03\/stypendia-rzadu-wloskiego-dla-zagranicznych-studentow\/","title":{"rendered":"STYPENDIA RZ\u0104DU W\u0141OSKIEGO DLA ZAGRANICZNYCH STUDENT\u00d3W"},"content":{"rendered":"<p>Opublikowano nab\u00f3r 2026-2027 na stypendia rz\u0105du w\u0142oskiego dla zagranicznych student\u00f3w. Wszystkie informacje dost\u0119pne s\u0105 <a href=\"https:\/\/iiccracovia.esteri.it\/pl\/notizie\/stypendia-rzadu-wloskiego-dla-studentow-zagranicznych-i-wloskich-mieszkajacych-za-granica-ire\/\"><strong>pod tym linkiem<\/strong><\/a>.<\/p>\n","protected":false},"excerpt":{"rendered":"Opublikowano nab\u00f3r 2026-2027 na stypendia rz\u0105du w\u0142oskiego dla zagranicznych student\u00f3w. Wszystkie informacje dost\u0119pne s\u0105 pod tym linkiem.","protected":false},"author":3,"featured_media":8720,"comment_status":"closed","ping_status":"closed","sticky":false,"template":"","format":"standard","meta":{"footnotes":""},"tags":[11,7],"class_list":["post-8755","post","type-post","status-publish","format-standard","has-post-thumbnail","hentry","tag-diplomazia-culturale","tag-italiani-nel-mondo"],"_links":{"self":[{"href":"https:\/\/iiccracovia.esteri.it\/pl\/wp-json\/wp\/v2\/posts\/8755","targetHints":{"allow":["GET"]}}],"collection":[{"href":"https:\/\/iiccracovia.esteri.it\/pl\/wp-json\/wp\/v2\/posts"}],"about":[{"href":"https:\/\/iiccracovia.esteri.it\/pl\/wp-json\/wp\/v2\/types\/post"}],"author":[{"embeddable":true,"href":"https:\/\/iiccracovia.esteri.it\/pl\/wp-json\/wp\/v2\/users\/3"}],"replies":[{"embeddable":true,"href":"https:\/\/iiccracovia.esteri.it\/pl\/wp-json\/wp\/v2\/comments?post=8755"}],"version-history":[{"count":1,"href":"https:\/\/iiccracovia.esteri.it\/pl\/wp-json\/wp\/v2\/posts\/8755\/revisions"}],"predecessor-version":[{"id":8758,"href":"https:\/\/iiccracovia.esteri.it\/pl\/wp-json\/wp\/v2\/posts\/8755\/revisions\/8758"}],"wp:featuredmedia":[{"embeddable":true,"href":"https:\/\/iiccracovia.esteri.it\/pl\/wp-json\/wp\/v2\/media\/8720"}],"wp:attachment":[{"href":"https:\/\/iiccracovia.esteri.it\/pl\/wp-json\/wp\/v2\/media?parent=8755"}],"wp:term":[{"taxonomy":"post_tag","embeddable":true,"href":"https:\/\/iiccracovia.esteri.it\/pl\/wp-json\/wp\/v2\/tags?post=8755"}],"curies":[{"name":"wp","href":"https:\/\/api.w.org\/{rel}","templated":true}]}}